{"id":7361,"date":"2019-08-22T11:51:14","date_gmt":"2019-08-22T09:51:14","guid":{"rendered":"https:\/\/www.ennigerloh-erleben.de\/?p=7361"},"modified":"2019-08-22T11:51:14","modified_gmt":"2019-08-22T09:51:14","slug":"werksfuehrung-heidelbergcement-ag-am-26-09-2019-ausgebucht","status":"publish","type":"post","link":"https:\/\/www.ennigerloh-erleben.de\/?p=7361","title":{"rendered":"Werksf\u00fchrung HeidelbergCement AG am 26.09.2019 ausgebucht!"},"content":{"rendered":"<p>Wir freuen uns \u00fcber die gro\u00dfe Nachfrage an der Werksf\u00fchrung bei der HeidelbergCement AG.<\/p>\n<p>Der n\u00e4chste Termin am 26.09.2019 ist  a u s g e b u c h t ! Anmeldungen f\u00fcr diesen Termin k\u00f6nnen leider nicht mehr entgegen genommen werden.<\/p>\n<p>Weitere Termine f\u00fcr die Werksf\u00fchrungen im kommenden Jahr werden zu gegebener Zeit ver\u00f6ffentlicht.<\/p>\n","protected":false},"excerpt":{"rendered":"<p>Wir freuen uns \u00fcber die gro\u00dfe Nachfrage an der Werksf\u00fchrung bei der HeidelbergCement AG. Der n\u00e4chste Termin am 26.09.2019 ist a u s g e b u c h t ! Anmeldungen f\u00fcr diesen Termin k\u00f6nnen leider nicht mehr entgegen genommen werden. Weitere Termine f\u00fcr die Werksf\u00fchrungen im kommenden Jahr werden zu gegebener Zeit ver\u00f6ffentlicht.<\/p>\n","protected":false},"author":15,"featured_media":7208,"comment_status":"closed","ping_status":"closed","sticky":false,"template":"","format":"standard","meta":{"_acf_changed":false,"footnotes":""},"categories":[433],"tags":[498,536,534],"class_list":["post-7361","post","type-post","status-publish","format-standard","has-post-thumbnail","hentry","category-ennigerloh","tag-betriebsfuehrung","tag-heidelbergcement-ag","tag-werksfuehrung"],"acf":[],"_links":{"self":[{"href":"https:\/\/www.ennigerloh-erleben.de\/index.php?rest_route=\/wp\/v2\/posts\/7361","targetHints":{"allow":["GET"]}}],"collection":[{"href":"https:\/\/www.ennigerloh-erleben.de\/index.php?rest_route=\/wp\/v2\/posts"}],"about":[{"href":"https:\/\/www.ennigerloh-erleben.de\/index.php?rest_route=\/wp\/v2\/types\/post"}],"author":[{"embeddable":true,"href":"https:\/\/www.ennigerloh-erleben.de\/index.php?rest_route=\/wp\/v2\/users\/15"}],"replies":[{"embeddable":true,"href":"https:\/\/www.ennigerloh-erleben.de\/index.php?rest_route=%2Fwp%2Fv2%2Fcomments&post=7361"}],"version-history":[{"count":1,"href":"https:\/\/www.ennigerloh-erleben.de\/index.php?rest_route=\/wp\/v2\/posts\/7361\/revisions"}],"predecessor-version":[{"id":7362,"href":"https:\/\/www.ennigerloh-erleben.de\/index.php?rest_route=\/wp\/v2\/posts\/7361\/revisions\/7362"}],"wp:featuredmedia":[{"embeddable":true,"href":"https:\/\/www.ennigerloh-erleben.de\/index.php?rest_route=\/wp\/v2\/media\/7208"}],"wp:attachment":[{"href":"https:\/\/www.ennigerloh-erleben.de\/index.php?rest_route=%2Fwp%2Fv2%2Fmedia&parent=7361"}],"wp:term":[{"taxonomy":"category","embeddable":true,"href":"https:\/\/www.ennigerloh-erleben.de\/index.php?rest_route=%2Fwp%2Fv2%2Fcategories&post=7361"},{"taxonomy":"post_tag","embeddable":true,"href":"https:\/\/www.ennigerloh-erleben.de\/index.php?rest_route=%2Fwp%2Fv2%2Ftags&post=7361"}],"curies":[{"name":"wp","href":"https:\/\/api.w.org\/{rel}","templated":true}]}}