{"id":7355,"date":"2019-08-20T10:28:10","date_gmt":"2019-08-20T08:28:10","guid":{"rendered":"https:\/\/www.ennigerloh-erleben.de\/?p=7355"},"modified":"2019-08-20T10:28:10","modified_gmt":"2019-08-20T08:28:10","slug":"sommer-film-festival-kinoprogramm-22-08-28-08","status":"publish","type":"post","link":"https:\/\/www.ennigerloh-erleben.de\/?p=7355","title":{"rendered":"Sommer-Film-Festival Kinoprogramm 22.08 &#8211; 28.08"},"content":{"rendered":"<p style=\"text-align: left;\">In der Alten Brennerei Ennigerloh findet vom 08.08. &#8211; 04.09.2019 das <strong>Sommer-Film-Festival<\/strong> statt!<\/p>\n<p style=\"text-align: left;\">Das Programm des <strong>Sommer-Film-Festival<\/strong> sieht wie folgt aus:<\/p>\n<table style=\"height: 224px; width: 100%; border-collapse: collapse; border-color: #000000; background-color: #ffffff;\" border=\"1\" cellspacing=\"5px\" cellpadding=\"10px\">\n<tbody>\n<tr style=\"height: 28px;\">\n<td style=\"width: 25%; height: 28px;\"><strong>Tag<\/strong><\/td>\n<td style=\"width: 25%; height: 28px;\"><strong>Film<\/strong><\/td>\n<td style=\"width: 25%; height: 28px;\"><strong>Start<\/strong><\/td>\n<td style=\"width: 25%; height: 28px;\"><strong>L\u00e4nge\/FSK<\/strong><\/td>\n<\/tr>\n<tr style=\"height: 28px;\">\n<td style=\"width: 25%; height: 28px;\"><strong>Donnerstag, 22.08.2019<\/strong><\/td>\n<td style=\"width: 25%; height: 28px;\"><strong>PETS 2<br \/>\nVan Gogh &#8211; An der Schwelle zur Ewigkeit<br \/>\n<\/strong><\/td>\n<td style=\"width: 25%; height: 28px;\">16.30 Uhr<br \/>\n20.00 Uhr<\/td>\n<td style=\"width: 25%; height: 28px;\"><strong>86 Min.\/FSK 0<br \/>\n110 Min.\/FSK 6<br \/>\n<\/strong><\/td>\n<\/tr>\n<tr style=\"height: 28px;\">\n<td style=\"width: 25%; height: 28px;\"><strong>Freitag, 23.08.2019<\/strong><\/td>\n<td style=\"width: 25%; height: 28px;\"><strong>PETS 2<br \/>\nGreen Book &#8211; Eine besondere Freundschaft<br \/>\n<\/strong><\/td>\n<td style=\"width: 25%; height: 28px;\">16.30 Uhr<br \/>\n20.00 Uhr<\/td>\n<td style=\"width: 25%; height: 28px;\"><strong>86 Min.\/FSK 0<br \/>\n130 Min.\/FSK 6<br \/>\n<\/strong><\/td>\n<\/tr>\n<tr style=\"height: 28px;\">\n<td style=\"width: 25%; height: 28px;\"><strong>Samstag, 24.08.2019<\/strong><\/td>\n<td style=\"width: 25%; height: 28px;\"><strong>PETS 2<\/strong><br \/>\n<strong>Rocketman<\/strong><\/td>\n<td style=\"width: 25%; height: 28px;\">15.30 Uhr<br \/>\n20.00 Uhr<\/td>\n<td style=\"width: 25%; height: 28px;\"><strong>86 Min.\/FSK 0<br \/>\n121 Min.\/FSK 12<br \/>\n<\/strong><\/td>\n<\/tr>\n<tr style=\"height: 28px;\">\n<td style=\"width: 25%; height: 28px;\"><strong>Sonntag, 25.08.2019<\/strong><\/td>\n<td style=\"width: 25%; height: 28px;\"><strong>PETS 2<br \/>\nVan Gogh &#8211; An der Schwelle zur Ewigkeit<br \/>\nDer Klavierspieler vom Gare du Nord<br \/>\n<\/strong><\/td>\n<td style=\"width: 25%; height: 28px;\">15.30 Uhr<br \/>\n17.30 Uhr<br \/>\n20.00 Uhr<\/td>\n<td style=\"width: 25%; height: 28px;\"><strong>86 Min.\/FSK 0<br \/>\n110 Min.\/FSK 6<br \/>\n106 Min.\/FSK 0<br \/>\n<\/strong><\/td>\n<\/tr>\n<tr style=\"height: 28px;\">\n<td style=\"width: 25%; height: 28px;\"><strong>Montag, 26.08.2019<\/strong><\/td>\n<td style=\"width: 25%; height: 28px;\"><strong><span style=\"color: #ff0000;\">Kein Kino!<\/span><\/strong><\/td>\n<td style=\"width: 25%; height: 28px;\"><\/td>\n<td style=\"width: 25%; height: 28px;\"><\/td>\n<\/tr>\n<tr style=\"height: 28px;\">\n<td style=\"width: 25%; height: 28px;\"><strong>Dienstag, 27.08.2019<\/strong><\/td>\n<td style=\"width: 25%; height: 28px;\"><strong>Der Klavierspieler vom Gare du Nord<\/strong><\/td>\n<td style=\"width: 25%; height: 28px;\">20.00 Uhr<\/td>\n<td style=\"width: 25%; height: 28px;\"><strong>106 Min.\/FSK 0<\/strong><\/td>\n<\/tr>\n<tr style=\"height: 28px;\">\n<td style=\"width: 25%; height: 28px;\"><strong>Mittwoch, 28.08.2019<\/strong><\/td>\n<td style=\"width: 25%; height: 28px;\"><strong>A Star Is Born<br \/>\n<\/strong><\/td>\n<td style=\"width: 25%; height: 28px;\">20.00 Uhr<\/td>\n<td style=\"width: 25%; height: 28px;\"><strong>112 Min.\/FSK 12<br \/>\n<\/strong><\/td>\n<\/tr>\n<\/tbody>\n<\/table>\n<p style=\"text-align: left;\"><strong>Eintritt: Erwachsene: 7,00 \u20ac<\/strong><br \/>\n<strong>Kinder\/Sch\u00fcler\/Studenten: 5,00 \u20ac.<\/strong><\/p>\n<p><strong>Aufschlag bei \u00dcberl\u00e4nge:<\/strong> ab 125 Min. &#8211; 0,50 \u20ac; ab 140 Min. \u2013 1,00 \u20ac<\/p>\n<p><strong><span style=\"color: #ff0000;\">DONNERSTAG IST KINO-TAG (STADTWERKE OSTM\u00dcNSTERLAND):<\/span><\/strong><br \/>\n<strong><span style=\"color: #ff0000;\">Eintritt: 5,50 \u20ac Erwachsene,<br \/>\n3,50 \u20ac Kinder\/Sch\u00fcler\/Studenten<br \/>\n<\/span><\/strong><br \/>\n(Erm\u00e4\u00dfigungen + GUTSCHEINE K\u00d6NNEN DONNERSTAGS NICHT EINGEL\u00d6ST WERDEN)<\/p>\n<p>Kombinieren von Erm\u00e4\u00dfigungen ist nicht m\u00f6glich!<br \/>\nKartenreservierungen zu B\u00fcro\u00f6ffnungszeiten:02524 9516-64<br \/>\nMail: <a href=\"mailto:info@alte-brennerei-ennigerloh.de\">info@alte-brennerei-ennigerloh.de<\/a>. &#8211; Home: <a href=\"http:\/\/www.alte-brennerei-ennigerloh.de\" target=\"_blank\" rel=\"noopener\">www.alte-brennerei-ennigerloh.de<\/a><\/p>\n<p><a href=\"https:\/\/www.ennigerloh-erleben.de\/wp-content\/uploads\/2019\/08\/Sommer-Film-Festival2019_Programm-1.pdf\">Programm PDF<\/a><\/p>\n","protected":false},"excerpt":{"rendered":"<p>In der Alten Brennerei Ennigerloh findet vom 08.08. &#8211; 04.09.2019 das Sommer-Film-Festival statt! Das Programm des Sommer-Film-Festival sieht wie folgt aus: Tag Film Start L\u00e4nge\/FSK Donnerstag, 22.08.2019 PETS 2 Van Gogh &#8211; An der Schwelle zur Ewigkeit 16.30 Uhr 20.00 Uhr 86 Min.\/FSK 0 110 Min.\/FSK 6 Freitag, 23.08.2019 PETS 2 Green Book &#8211; Eine [&hellip;]<\/p>\n","protected":false},"author":12,"featured_media":7335,"comment_status":"closed","ping_status":"closed","sticky":false,"template":"","format":"standard","meta":{"_acf_changed":false,"footnotes":""},"categories":[107],"tags":[],"class_list":["post-7355","post","type-post","status-publish","format-standard","has-post-thumbnail","hentry","category-allgemein"],"acf":[],"_links":{"self":[{"href":"https:\/\/www.ennigerloh-erleben.de\/index.php?rest_route=\/wp\/v2\/posts\/7355","targetHints":{"allow":["GET"]}}],"collection":[{"href":"https:\/\/www.ennigerloh-erleben.de\/index.php?rest_route=\/wp\/v2\/posts"}],"about":[{"href":"https:\/\/www.ennigerloh-erleben.de\/index.php?rest_route=\/wp\/v2\/types\/post"}],"author":[{"embeddable":true,"href":"https:\/\/www.ennigerloh-erleben.de\/index.php?rest_route=\/wp\/v2\/users\/12"}],"replies":[{"embeddable":true,"href":"https:\/\/www.ennigerloh-erleben.de\/index.php?rest_route=%2Fwp%2Fv2%2Fcomments&post=7355"}],"version-history":[{"count":1,"href":"https:\/\/www.ennigerloh-erleben.de\/index.php?rest_route=\/wp\/v2\/posts\/7355\/revisions"}],"predecessor-version":[{"id":7356,"href":"https:\/\/www.ennigerloh-erleben.de\/index.php?rest_route=\/wp\/v2\/posts\/7355\/revisions\/7356"}],"wp:featuredmedia":[{"embeddable":true,"href":"https:\/\/www.ennigerloh-erleben.de\/index.php?rest_route=\/wp\/v2\/media\/7335"}],"wp:attachment":[{"href":"https:\/\/www.ennigerloh-erleben.de\/index.php?rest_route=%2Fwp%2Fv2%2Fmedia&parent=7355"}],"wp:term":[{"taxonomy":"category","embeddable":true,"href":"https:\/\/www.ennigerloh-erleben.de\/index.php?rest_route=%2Fwp%2Fv2%2Fcategories&post=7355"},{"taxonomy":"post_tag","embeddable":true,"href":"https:\/\/www.ennigerloh-erleben.de\/index.php?rest_route=%2Fwp%2Fv2%2Ftags&post=7355"}],"curies":[{"name":"wp","href":"https:\/\/api.w.org\/{rel}","templated":true}]}}