{"id":7325,"date":"2019-08-13T08:38:46","date_gmt":"2019-08-13T06:38:46","guid":{"rendered":"https:\/\/www.ennigerloh-erleben.de\/?p=7325"},"modified":"2019-08-13T08:38:46","modified_gmt":"2019-08-13T06:38:46","slug":"sommer-film-festival-in-der-alten-brennerei-15-08","status":"publish","type":"post","link":"https:\/\/www.ennigerloh-erleben.de\/?p=7325","title":{"rendered":"Sommer-Film-Festival Programm vom 15.08. &#8211; 21.08."},"content":{"rendered":"<p style=\"text-align: left;\">In der Alten Brennerei Ennigerloh findet vom 08.08. &#8211; 14.08.2019 das <strong>Sommer-Film-Festival<\/strong> statt!<\/p>\n<p style=\"text-align: left;\">Das Programm des <strong>Sommer-Film-Festival<\/strong> sieht wie folgt aus:<\/p>\n<table style=\"height: 224px; width: 100%; border-collapse: collapse; border-color: #000000; background-color: #ffffff;\" border=\"1\" cellspacing=\"5px\" cellpadding=\"10px\">\n<tbody>\n<tr style=\"height: 28px;\">\n<td style=\"width: 25%; height: 28px;\"><strong>Tag<\/strong><\/td>\n<td style=\"width: 25%; height: 28px;\"><strong>Film<\/strong><\/td>\n<td style=\"width: 25%; height: 28px;\"><strong>Start<\/strong><\/td>\n<td style=\"width: 25%; height: 28px;\"><strong>L\u00e4nge\/FSK<\/strong><\/td>\n<\/tr>\n<tr style=\"height: 28px;\">\n<td style=\"width: 25%; height: 28px;\"><strong>Donnerstag, 15.08.2019<\/strong><\/td>\n<td style=\"width: 25%; height: 28px;\"><strong>PETS 2<br \/>\nPortugal &#8211; Der Wanderfilm<br \/>\n<\/strong><\/td>\n<td style=\"width: 25%; height: 28px;\">16.30 Uhr<br \/>\n20.00 Uhr<\/td>\n<td style=\"width: 25%; height: 28px;\"><strong>86 Min.\/FSK 0<br \/>\n100 Min.\/FSK 6<br \/>\n<\/strong><\/td>\n<\/tr>\n<tr style=\"height: 28px;\">\n<td style=\"width: 25%; height: 28px;\"><strong>Freitag, 16.08.2019<\/strong><\/td>\n<td style=\"width: 25%; height: 28px;\"><strong>PETS 2<br \/>\nDer Junge muss an die frische Luft<br \/>\n<\/strong><\/td>\n<td style=\"width: 25%; height: 28px;\">16.30 Uhr<br \/>\n20.00 Uhr<\/td>\n<td style=\"width: 25%; height: 28px;\"><strong>86 Min.\/FSK 0<br \/>\n100 Min.\/FSK 6<br \/>\n<\/strong><\/td>\n<\/tr>\n<tr style=\"height: 28px;\">\n<td style=\"width: 25%; height: 28px;\"><strong>Samstag, 17.08.2019<\/strong><\/td>\n<td style=\"width: 25%; height: 28px;\"><strong>PETS 2<\/strong><br \/>\n<strong>Der Junge muss an die frische Luft<\/strong><\/td>\n<td style=\"width: 25%; height: 28px;\">15.30 Uhr<br \/>\n20.00 Uhr<\/td>\n<td style=\"width: 25%; height: 28px;\"><strong>86 Min.\/FSK 0<br \/>\n100 Min.\/FSK 6<br \/>\n<\/strong><\/td>\n<\/tr>\n<tr style=\"height: 28px;\">\n<td style=\"width: 25%; height: 28px;\"><strong>Sonntag, 18.08.2019<\/strong><\/td>\n<td style=\"width: 25%; height: 28px;\"><strong>PETS 2<br \/>\nDer Junge muss an die frische Luft<br \/>\nEgal was kommt<br \/>\n<\/strong><\/td>\n<td style=\"width: 25%; height: 28px;\">15.30 Uhr<br \/>\n17.30 Uhr<br \/>\n20.00 Uhr<\/td>\n<td style=\"width: 25%; height: 28px;\"><strong>86 Min.\/FSK  0<br \/>\n100 Min.\/FSK 6<br \/>\n122 Min.\/FSK 6<br \/>\n<\/strong><\/td>\n<\/tr>\n<tr style=\"height: 28px;\">\n<td style=\"width: 25%; height: 28px;\"><strong>Montag, 19.08.2019<\/strong><\/td>\n<td style=\"width: 25%; height: 28px;\"><strong><span style=\"color: #ff0000;\">Kein Kino!<\/span><\/strong><\/td>\n<td style=\"width: 25%; height: 28px;\"><\/td>\n<td style=\"width: 25%; height: 28px;\"><\/td>\n<\/tr>\n<tr style=\"height: 28px;\">\n<td style=\"width: 25%; height: 28px;\"><strong>Dienstag, 20.08.2019<\/strong><\/td>\n<td style=\"width: 25%; height: 28px;\"><strong>Edie &#8211; F\u00fcr Tr\u00e4ume ist es nie zu sp\u00e4t<\/strong><\/td>\n<td style=\"width: 25%; height: 28px;\">20.00 Uhr<\/td>\n<td style=\"width: 25%; height: 28px;\"><strong>102 Min.\/FSK 0<\/strong><\/td>\n<\/tr>\n<tr style=\"height: 28px;\">\n<td style=\"width: 25%; height: 28px;\"><strong>Mittwoch, 21.08.2019<\/strong><\/td>\n<td style=\"width: 25%; height: 28px;\"><strong>The dead don&#8217;t die<br \/>\n<\/strong><\/td>\n<td style=\"width: 25%; height: 28px;\">20.00 Uhr<\/td>\n<td style=\"width: 25%; height: 28px;\"><strong>112 Min.\/FSK 16<br \/>\n<\/strong><\/td>\n<\/tr>\n<\/tbody>\n<\/table>\n<p style=\"text-align: left;\"><strong>Eintritt: Erwachsene: 7,00 \u20ac<\/strong><br \/>\n<strong>Kinder\/Sch\u00fcler\/Studenten: 5,00 \u20ac.<\/strong><\/p>\n<p><strong>Aufschlag bei \u00dcberl\u00e4nge:<\/strong> ab 125 Min. &#8211; 0,50 \u20ac; ab 140 Min. \u2013 1,00 \u20ac<\/p>\n<p><strong><span style=\"color: #ff0000;\">DONNERSTAG IST KINO-TAG (STADTWERKE OSTM\u00dcNSTERLAND):<\/span><\/strong><br \/>\n<strong><span style=\"color: #ff0000;\">Eintritt: 5,50 \u20ac Erwachsene,<br \/>\n3,50 \u20ac Kinder\/Sch\u00fcler\/Studenten<br \/>\n<\/span><\/strong><br \/>\n(Erm\u00e4\u00dfigungen + GUTSCHEINE K\u00d6NNEN DONNERSTAGS NICHT EINGEL\u00d6ST WERDEN)<\/p>\n<p>Kombinieren von Erm\u00e4\u00dfigungen ist nicht m\u00f6glich!<br \/>\nKartenreservierungen zu B\u00fcro\u00f6ffnungszeiten:02524 9516-64<br \/>\nMail: <a href=\"mailto:info@alte-brennerei-ennigerloh.de\">info@alte-brennerei-ennigerloh.de<\/a>. &#8211; Home: <a href=\"http:\/\/www.alte-brennerei-ennigerloh.de\" target=\"_blank\" rel=\"noopener\">www.alte-brennerei-ennigerloh.de<\/a><\/p>\n<p><a href=\"https:\/\/www.ennigerloh-erleben.de\/wp-content\/uploads\/2019\/08\/Sommer-Film-Festival2019_Programm-1.pdf\">Programm PDF<\/a><\/p>\n","protected":false},"excerpt":{"rendered":"<p>In der Alten Brennerei Ennigerloh findet vom 08.08. &#8211; 14.08.2019 das Sommer-Film-Festival statt! Das Programm des Sommer-Film-Festival sieht wie folgt aus: Tag Film Start L\u00e4nge\/FSK Donnerstag, 15.08.2019 PETS 2 Portugal &#8211; Der Wanderfilm 16.30 Uhr 20.00 Uhr 86 Min.\/FSK 0 100 Min.\/FSK 6 Freitag, 16.08.2019 PETS 2 Der Junge muss an die frische Luft 16.30 [&hellip;]<\/p>\n","protected":false},"author":12,"featured_media":7335,"comment_status":"closed","ping_status":"closed","sticky":false,"template":"","format":"standard","meta":{"_acf_changed":false,"footnotes":""},"categories":[107],"tags":[],"class_list":["post-7325","post","type-post","status-publish","format-standard","has-post-thumbnail","hentry","category-allgemein"],"acf":[],"_links":{"self":[{"href":"https:\/\/www.ennigerloh-erleben.de\/index.php?rest_route=\/wp\/v2\/posts\/7325","targetHints":{"allow":["GET"]}}],"collection":[{"href":"https:\/\/www.ennigerloh-erleben.de\/index.php?rest_route=\/wp\/v2\/posts"}],"about":[{"href":"https:\/\/www.ennigerloh-erleben.de\/index.php?rest_route=\/wp\/v2\/types\/post"}],"author":[{"embeddable":true,"href":"https:\/\/www.ennigerloh-erleben.de\/index.php?rest_route=\/wp\/v2\/users\/12"}],"replies":[{"embeddable":true,"href":"https:\/\/www.ennigerloh-erleben.de\/index.php?rest_route=%2Fwp%2Fv2%2Fcomments&post=7325"}],"version-history":[{"count":2,"href":"https:\/\/www.ennigerloh-erleben.de\/index.php?rest_route=\/wp\/v2\/posts\/7325\/revisions"}],"predecessor-version":[{"id":7345,"href":"https:\/\/www.ennigerloh-erleben.de\/index.php?rest_route=\/wp\/v2\/posts\/7325\/revisions\/7345"}],"wp:featuredmedia":[{"embeddable":true,"href":"https:\/\/www.ennigerloh-erleben.de\/index.php?rest_route=\/wp\/v2\/media\/7335"}],"wp:attachment":[{"href":"https:\/\/www.ennigerloh-erleben.de\/index.php?rest_route=%2Fwp%2Fv2%2Fmedia&parent=7325"}],"wp:term":[{"taxonomy":"category","embeddable":true,"href":"https:\/\/www.ennigerloh-erleben.de\/index.php?rest_route=%2Fwp%2Fv2%2Fcategories&post=7325"},{"taxonomy":"post_tag","embeddable":true,"href":"https:\/\/www.ennigerloh-erleben.de\/index.php?rest_route=%2Fwp%2Fv2%2Ftags&post=7325"}],"curies":[{"name":"wp","href":"https:\/\/api.w.org\/{rel}","templated":true}]}}