{"id":7242,"date":"2019-07-08T09:02:41","date_gmt":"2019-07-08T07:02:41","guid":{"rendered":"https:\/\/www.ennigerloh-erleben.de\/?p=7242"},"modified":"2019-07-08T09:02:41","modified_gmt":"2019-07-08T07:02:41","slug":"nachbericht-heidelbergcement-ag-werksfuehrung-vom-04-07-2019","status":"publish","type":"post","link":"https:\/\/www.ennigerloh-erleben.de\/?p=7242","title":{"rendered":"Nachbericht HeidelbergCement AG Werksf\u00fchrung vom 04.07.2019"},"content":{"rendered":"<p><span style=\"color: #000000; font-family: Arial;\">Am 04.07.2019 hatten hatten alle Interessierten B\u00fcrgerInnen einmal mehr die Gelegenheit die HeidelbergCement AG in Ennigerloh hautnah bei einer offiziellen F\u00fchrung durch das Zementwerk zu erleben.<\/span><\/p>\n<p><span style=\"color: #000000; font-family: Arial;\">Nach kurzer Einf\u00fchrung, ging es f\u00fcr die 15 Teilnehmer mit entsprechender Schutzkleidung in das Werk. Dort wurde den Interessierten ein Blick in den Arbeitsalltag gew\u00e4hrt. Alle Fragen wurden w\u00e4hrend des ca. 1,5 st\u00fcndigen Rundgangs von dem Betriebsleiter, Herrn Br\u00f6ker fachkundig und ausf\u00fchrlich beantwortet.<\/span><\/p>\n<p><span style=\"color: #000000; font-family: Arial;\">Organisiert wurde die offizielle F\u00fchrung vom Stadtmarketing Ennigerloh, welches sich \u00fcber die gro\u00dfe Nachfrage der interessierten B\u00fcrger, auch \u00fcber Ennigerlohs Grenzen hinaus freute. <\/span><\/p>\n<p><span style=\"color: #000000; font-family: Arial;\">Die n\u00e4chste F\u00fchrung bei der HeidelbergCement AG ist auf den 26.09.2019 terminiert. Anmeldungen nimmt das Stadtmarketing bereits jetzt sehr gerne entgegen. <\/span><\/p>\n<p><span style=\"color: #000000; font-family: Arial;\">Kontakt \u00fcber Email: touristik@ennigerloh.de oder telefonisch unter 02524\/283011<\/span><\/p>\n<p>&nbsp;<\/p>\n","protected":false},"excerpt":{"rendered":"<p>Am 04.07.2019 hatten hatten alle Interessierten B\u00fcrgerInnen einmal mehr die Gelegenheit die HeidelbergCement AG in Ennigerloh hautnah bei einer offiziellen F\u00fchrung durch das Zementwerk zu erleben. Nach kurzer Einf\u00fchrung, ging es f\u00fcr die 15 Teilnehmer mit entsprechender Schutzkleidung in das Werk. Dort wurde den Interessierten ein Blick in den Arbeitsalltag gew\u00e4hrt. Alle Fragen wurden w\u00e4hrend [&hellip;]<\/p>\n","protected":false},"author":15,"featured_media":7208,"comment_status":"closed","ping_status":"closed","sticky":false,"template":"","format":"standard","meta":{"_acf_changed":false,"footnotes":""},"categories":[107,433],"tags":[542,536,534],"class_list":["post-7242","post","type-post","status-publish","format-standard","has-post-thumbnail","hentry","category-allgemein","category-ennigerloh","tag-betriebsbesichtigung","tag-heidelbergcement-ag","tag-werksfuehrung"],"acf":[],"_links":{"self":[{"href":"https:\/\/www.ennigerloh-erleben.de\/index.php?rest_route=\/wp\/v2\/posts\/7242","targetHints":{"allow":["GET"]}}],"collection":[{"href":"https:\/\/www.ennigerloh-erleben.de\/index.php?rest_route=\/wp\/v2\/posts"}],"about":[{"href":"https:\/\/www.ennigerloh-erleben.de\/index.php?rest_route=\/wp\/v2\/types\/post"}],"author":[{"embeddable":true,"href":"https:\/\/www.ennigerloh-erleben.de\/index.php?rest_route=\/wp\/v2\/users\/15"}],"replies":[{"embeddable":true,"href":"https:\/\/www.ennigerloh-erleben.de\/index.php?rest_route=%2Fwp%2Fv2%2Fcomments&post=7242"}],"version-history":[{"count":1,"href":"https:\/\/www.ennigerloh-erleben.de\/index.php?rest_route=\/wp\/v2\/posts\/7242\/revisions"}],"predecessor-version":[{"id":7243,"href":"https:\/\/www.ennigerloh-erleben.de\/index.php?rest_route=\/wp\/v2\/posts\/7242\/revisions\/7243"}],"wp:featuredmedia":[{"embeddable":true,"href":"https:\/\/www.ennigerloh-erleben.de\/index.php?rest_route=\/wp\/v2\/media\/7208"}],"wp:attachment":[{"href":"https:\/\/www.ennigerloh-erleben.de\/index.php?rest_route=%2Fwp%2Fv2%2Fmedia&parent=7242"}],"wp:term":[{"taxonomy":"category","embeddable":true,"href":"https:\/\/www.ennigerloh-erleben.de\/index.php?rest_route=%2Fwp%2Fv2%2Fcategories&post=7242"},{"taxonomy":"post_tag","embeddable":true,"href":"https:\/\/www.ennigerloh-erleben.de\/index.php?rest_route=%2Fwp%2Fv2%2Ftags&post=7242"}],"curies":[{"name":"wp","href":"https:\/\/api.w.org\/{rel}","templated":true}]}}