{"id":6900,"date":"2019-02-21T07:38:28","date_gmt":"2019-02-21T06:38:28","guid":{"rendered":"https:\/\/www.ennigerloh-erleben.de\/?p=6900"},"modified":"2019-02-21T07:41:23","modified_gmt":"2019-02-21T06:41:23","slug":"l-b-bohle-zeigt-papier-arbeiten-von-wolfgang-steinberg","status":"publish","type":"post","link":"https:\/\/www.ennigerloh-erleben.de\/?p=6900","title":{"rendered":"L.B. Bohle zeigt Papier-Arbeiten von Wolfgang Steinberg"},"content":{"rendered":"<h3>Ausstellung \u201eIn der Zwischenzeit\u201c im Service Center<\/h3>\n<p><strong>Ennigerloh, 18.02.2019 \u2013 Am Dienstag, den 26. Februar um 16.00 Uhr, wird die erste Kunstausstellung des Jahres 2019 im Service Center der L.B. Bohle Maschinen + Verfahren GmbH an der Industriestra\u00dfe in Ennigerloh er\u00f6ffnet. Der in Ahlen lebende Wolfgang Steinberg setzt damit die langj\u00e4hrige Bohle-Ausstellungsreihe, die von<\/strong><br \/>\n<strong>Dr. Martin Gesing betreut und er\u00f6ffnet wird, fort.<\/strong><\/p>\n<p>Wolfgang Steinberg wurde 1952 in Neu-Beckum geboren und pr\u00e4sentiert in seiner bereits zweiten Ausstellung beim Ennigerloher Maschinenbauer Papierarbeiten unter dem Titel \u201eIn der Zwischenzeit\u201c. Dabei zeigt der K\u00fcnstler Arbeiten, die in den Jahren nach seiner ersten Ausstellung im Service Center im Jahr 2007 erstellt wurden.<br \/>\nSteinberg pr\u00e4sentiert Mischtechniken, also Kombinationen von Aquarell, Tempera und Zeichnung. Dabei wird die Formensprache in den 3D-Kollagen in eine dritte Dimension versetzt. F\u00fcr Steinberg \u201eist die Zeit, die der Betrachter mit dem Bild verbringt, eine Auszeit von der Realit\u00e4t, eine Zeit, in der man eintaucht in eine scheinbar unlogische Welt, deren archaische Symbolik aber doch wiederum sehr stark mit der Realit\u00e4t verbunden ist.\u201c<br \/>\nWolfgang Steinberg, heute in Ahlen lebend und arbeitend, studierte von 1970-1976 an den Werkkunstschulen Dortmund und M\u00fcnster. Seit \u00fcber 40 Jahren ist er freiberuflich als K\u00fcnstler t\u00e4tig und wurde mehrfach mit F\u00f6rderpreisen ausgezeichnet. Steinberg beteiligt sich rege an Einzel- und Gruppenausstellungen in der Region sowie an Arbeiten im \u00f6ffentlichen Raum. Wolfgang Steinberg ist bereits seit 1980 Mitglied im Kreiskunstverein Beckum-Warendorf.<\/p>\n<p>Die Ausstellung bei L.B. Bohle ist bis zum 26.04.19 Montag bis Freitag von 8-16 Uhr ge\u00f6ffnet!<\/p>\n<p>&nbsp;<\/p>\n\n\t\t\t<div>\n\t\t\t<style type='text\/css'>\n\t\t\t\t#gallery-1 {\n\t\t\t\t\tmargin: auto;\n\t\t\t\t}\n\t\t\t\t#gallery-1 .gallery-item {\n\t\t\t\t\tfloat: left;\n\t\t\t\t\tmargin-top: 10px;\n\t\t\t\t\ttext-align: center;\n\t\t\t\t\twidth: 25%;\n\t\t\t\t}\n\t\t\t\t#gallery-1 img {\n\t\t\t\t\tborder: 2px solid #cfcfcf;\n\t\t\t\t}\n\t\t\t\t#gallery-1 .gallery-caption {\n\t\t\t\t\tmargin-left: 0;\n\t\t\t\t}\n\t\t\t\t\/* see gallery_shortcode() in wp-includes\/media.php *\/\n\t\t\t<\/style><\/div>\n\t\t<div id='gallery-1' class='gallery galleryid-6900 gallery-columns-4 gallery-size-thumbnail'><div class=\"gallery-inner-wrapper\"><dl class='gallery-item'>\n\t\t\t\t<dt class='gallery-icon landscape'>\n\t\t\t\t\t<a href='https:\/\/www.ennigerloh-erleben.de\/wp-content\/uploads\/2019\/02\/IMG_2849.jpg'><img loading=\"lazy\" decoding=\"async\" width=\"150\" height=\"150\" src=\"https:\/\/www.ennigerloh-erleben.de\/wp-content\/uploads\/2019\/02\/IMG_2849-150x150.jpg\" class=\"attachment-thumbnail size-thumbnail\" alt=\"\" srcset=\"https:\/\/www.ennigerloh-erleben.de\/wp-content\/uploads\/2019\/02\/IMG_2849-150x150.jpg 150w, https:\/\/www.ennigerloh-erleben.de\/wp-content\/uploads\/2019\/02\/IMG_2849-300x297.jpg 300w, https:\/\/www.ennigerloh-erleben.de\/wp-content\/uploads\/2019\/02\/IMG_2849-768x761.jpg 768w, https:\/\/www.ennigerloh-erleben.de\/wp-content\/uploads\/2019\/02\/IMG_2849.jpg 942w\" sizes=\"auto, (max-width: 150px) 100vw, 150px\" \/><\/a>\n\t\t\t\t<\/dt><dd><\/dd><\/dl><dl class='gallery-item'>\n\t\t\t\t<dt class='gallery-icon landscape'>\n\t\t\t\t\t<a href='https:\/\/www.ennigerloh-erleben.de\/wp-content\/uploads\/2019\/02\/IMG_2851.jpg'><img loading=\"lazy\" decoding=\"async\" width=\"150\" height=\"150\" src=\"https:\/\/www.ennigerloh-erleben.de\/wp-content\/uploads\/2019\/02\/IMG_2851-150x150.jpg\" class=\"attachment-thumbnail size-thumbnail\" alt=\"\" \/><\/a>\n\t\t\t\t<\/dt><dd><\/dd><\/dl><dl class='gallery-item'>\n\t\t\t\t<dt class='gallery-icon portrait'>\n\t\t\t\t\t<a href='https:\/\/www.ennigerloh-erleben.de\/wp-content\/uploads\/2019\/02\/IMG_2488-1.jpg'><img loading=\"lazy\" decoding=\"async\" width=\"150\" height=\"150\" src=\"https:\/\/www.ennigerloh-erleben.de\/wp-content\/uploads\/2019\/02\/IMG_2488-1-150x150.jpg\" class=\"attachment-thumbnail size-thumbnail\" alt=\"\" \/><\/a>\n\t\t\t\t<\/dt><dd><\/dd><\/dl><dl class='gallery-item'>\n\t\t\t\t<dt class='gallery-icon landscape'>\n\t\t\t\t\t<a href='https:\/\/www.ennigerloh-erleben.de\/wp-content\/uploads\/2019\/02\/IMG_2472.jpg'><img loading=\"lazy\" decoding=\"async\" width=\"150\" height=\"150\" src=\"https:\/\/www.ennigerloh-erleben.de\/wp-content\/uploads\/2019\/02\/IMG_2472-150x150.jpg\" class=\"attachment-thumbnail size-thumbnail\" alt=\"\" \/><\/a>\n\t\t\t\t<\/dt><dd><\/dd><\/dl><br style=\"clear: both\" \/>\n\t\t\t\t<br style='clear: both;' \/>\n\t\t\t<\/div><\/div>\n\n","protected":false},"excerpt":{"rendered":"<p>Ausstellung \u201eIn der Zwischenzeit\u201c im Service Center Ennigerloh, 18.02.2019 \u2013 Am Dienstag, den 26. Februar um 16.00 Uhr, wird die erste Kunstausstellung des Jahres 2019 im Service Center der L.B. Bohle Maschinen + Verfahren GmbH an der Industriestra\u00dfe in Ennigerloh er\u00f6ffnet. Der in Ahlen lebende Wolfgang Steinberg setzt damit die langj\u00e4hrige Bohle-Ausstellungsreihe, die von Dr. [&hellip;]<\/p>\n","protected":false},"author":12,"featured_media":6902,"comment_status":"closed","ping_status":"closed","sticky":false,"template":"","format":"standard","meta":{"_acf_changed":false,"footnotes":""},"categories":[433,431],"tags":[],"class_list":["post-6900","post","type-post","status-publish","format-standard","has-post-thumbnail","hentry","category-ennigerloh","category-events"],"acf":[],"_links":{"self":[{"href":"https:\/\/www.ennigerloh-erleben.de\/index.php?rest_route=\/wp\/v2\/posts\/6900","targetHints":{"allow":["GET"]}}],"collection":[{"href":"https:\/\/www.ennigerloh-erleben.de\/index.php?rest_route=\/wp\/v2\/posts"}],"about":[{"href":"https:\/\/www.ennigerloh-erleben.de\/index.php?rest_route=\/wp\/v2\/types\/post"}],"author":[{"embeddable":true,"href":"https:\/\/www.ennigerloh-erleben.de\/index.php?rest_route=\/wp\/v2\/users\/12"}],"replies":[{"embeddable":true,"href":"https:\/\/www.ennigerloh-erleben.de\/index.php?rest_route=%2Fwp%2Fv2%2Fcomments&post=6900"}],"version-history":[{"count":2,"href":"https:\/\/www.ennigerloh-erleben.de\/index.php?rest_route=\/wp\/v2\/posts\/6900\/revisions"}],"predecessor-version":[{"id":6906,"href":"https:\/\/www.ennigerloh-erleben.de\/index.php?rest_route=\/wp\/v2\/posts\/6900\/revisions\/6906"}],"wp:featuredmedia":[{"embeddable":true,"href":"https:\/\/www.ennigerloh-erleben.de\/index.php?rest_route=\/wp\/v2\/media\/6902"}],"wp:attachment":[{"href":"https:\/\/www.ennigerloh-erleben.de\/index.php?rest_route=%2Fwp%2Fv2%2Fmedia&parent=6900"}],"wp:term":[{"taxonomy":"category","embeddable":true,"href":"https:\/\/www.ennigerloh-erleben.de\/index.php?rest_route=%2Fwp%2Fv2%2Fcategories&post=6900"},{"taxonomy":"post_tag","embeddable":true,"href":"https:\/\/www.ennigerloh-erleben.de\/index.php?rest_route=%2Fwp%2Fv2%2Ftags&post=6900"}],"curies":[{"name":"wp","href":"https:\/\/api.w.org\/{rel}","templated":true}]}}