{"id":6607,"date":"2018-11-29T15:34:22","date_gmt":"2018-11-29T14:34:22","guid":{"rendered":"https:\/\/www.ennigerloh-erleben.de\/?p=6607"},"modified":"2018-11-29T15:34:22","modified_gmt":"2018-11-29T14:34:22","slug":"einstimmen-auf-weihnachten","status":"publish","type":"post","link":"https:\/\/www.ennigerloh-erleben.de\/?p=6607","title":{"rendered":"Einstimmen auf Weihnachten"},"content":{"rendered":"<p>Heute morgen um 9 Uhr wurde mit einem Auftritt des Inklusionschores die Adventszeit eingel\u00e4utet. Viele kleine und gro\u00dfe S\u00e4nger haben auf dem Marktplatz weihnachtliche Stimmung verbreitet. Nat\u00fcrlich erstrahlte dabei auch der Weihnachtsbaum, der am Abend vorher von der Jugendfeuerwehr und Bewohnern des Christophorus-Hauses aufgestellt und geschm\u00fcckt wurde.<\/p>\n<p><strong>Inklusives Weihnachtsliederbuch &#8211; <\/strong>Im Anschluss an das kleine Konzert konnten Interessierte das neue inklusive Weihnachtsliederbuch erwerben. Das Buch wurde von Bewohnern des Christophorus- und des Elisabeth-Hauses, Kirchenchormitgliedern aus St. Jakobus und St. Mauritius sowie dem Arbeitskreis Inklusion erstellt. Das Buch ist auch nach dem Gottesdienst in der St.-Jakobus-Kirche am 2.12.2019 f\u00fcr 10 Euro erh\u00e4ltlich.<\/p>\n<p>&nbsp;<\/p>\n\n\t\t\t<div>\n\t\t\t<style type='text\/css'>\n\t\t\t\t#gallery-1 {\n\t\t\t\t\tmargin: auto;\n\t\t\t\t}\n\t\t\t\t#gallery-1 .gallery-item {\n\t\t\t\t\tfloat: left;\n\t\t\t\t\tmargin-top: 10px;\n\t\t\t\t\ttext-align: center;\n\t\t\t\t\twidth: 33%;\n\t\t\t\t}\n\t\t\t\t#gallery-1 img {\n\t\t\t\t\tborder: 2px solid #cfcfcf;\n\t\t\t\t}\n\t\t\t\t#gallery-1 .gallery-caption {\n\t\t\t\t\tmargin-left: 0;\n\t\t\t\t}\n\t\t\t\t\/* see gallery_shortcode() in wp-includes\/media.php *\/\n\t\t\t<\/style><\/div>\n\t\t<div id='gallery-1' class='gallery galleryid-6607 gallery-columns-3 gallery-size-medium'><div class=\"gallery-inner-wrapper\"><dl class='gallery-item'>\n\t\t\t\t<dt class='gallery-icon landscape'>\n\t\t\t\t\t<a href='https:\/\/www.ennigerloh-erleben.de\/wp-content\/uploads\/2018\/11\/IMG_20181128_172158.jpg'><img loading=\"lazy\" decoding=\"async\" width=\"300\" height=\"225\" src=\"https:\/\/www.ennigerloh-erleben.de\/wp-content\/uploads\/2018\/11\/IMG_20181128_172158-300x225.jpg\" class=\"attachment-medium size-medium\" alt=\"\" srcset=\"https:\/\/www.ennigerloh-erleben.de\/wp-content\/uploads\/2018\/11\/IMG_20181128_172158-300x225.jpg 300w, https:\/\/www.ennigerloh-erleben.de\/wp-content\/uploads\/2018\/11\/IMG_20181128_172158-768x576.jpg 768w, https:\/\/www.ennigerloh-erleben.de\/wp-content\/uploads\/2018\/11\/IMG_20181128_172158-1024x768.jpg 1024w\" sizes=\"auto, (max-width: 300px) 100vw, 300px\" \/><\/a>\n\t\t\t\t<\/dt><dd><\/dd><\/dl><dl class='gallery-item'>\n\t\t\t\t<dt class='gallery-icon landscape'>\n\t\t\t\t\t<a href='https:\/\/www.ennigerloh-erleben.de\/wp-content\/uploads\/2018\/11\/IMG_20181129_152142.jpg'><img loading=\"lazy\" decoding=\"async\" width=\"300\" height=\"225\" src=\"https:\/\/www.ennigerloh-erleben.de\/wp-content\/uploads\/2018\/11\/IMG_20181129_152142-300x225.jpg\" class=\"attachment-medium size-medium\" alt=\"\" srcset=\"https:\/\/www.ennigerloh-erleben.de\/wp-content\/uploads\/2018\/11\/IMG_20181129_152142-300x225.jpg 300w, https:\/\/www.ennigerloh-erleben.de\/wp-content\/uploads\/2018\/11\/IMG_20181129_152142-768x576.jpg 768w, https:\/\/www.ennigerloh-erleben.de\/wp-content\/uploads\/2018\/11\/IMG_20181129_152142-1024x768.jpg 1024w\" sizes=\"auto, (max-width: 300px) 100vw, 300px\" \/><\/a>\n\t\t\t\t<\/dt><dd><\/dd><\/dl><dl class='gallery-item'>\n\t\t\t\t<dt class='gallery-icon landscape'>\n\t\t\t\t\t<a href='https:\/\/www.ennigerloh-erleben.de\/wp-content\/uploads\/2018\/11\/IMG_20181129_091739.jpg'><img loading=\"lazy\" decoding=\"async\" width=\"300\" height=\"225\" src=\"https:\/\/www.ennigerloh-erleben.de\/wp-content\/uploads\/2018\/11\/IMG_20181129_091739-300x225.jpg\" class=\"attachment-medium size-medium\" alt=\"\" srcset=\"https:\/\/www.ennigerloh-erleben.de\/wp-content\/uploads\/2018\/11\/IMG_20181129_091739-300x225.jpg 300w, https:\/\/www.ennigerloh-erleben.de\/wp-content\/uploads\/2018\/11\/IMG_20181129_091739-768x576.jpg 768w, https:\/\/www.ennigerloh-erleben.de\/wp-content\/uploads\/2018\/11\/IMG_20181129_091739-1024x768.jpg 1024w\" sizes=\"auto, (max-width: 300px) 100vw, 300px\" \/><\/a>\n\t\t\t\t<\/dt><dd><\/dd><\/dl><br style=\"clear: both\" \/>\n\t\t\t\t<br style='clear: both;' \/>\n\t\t\t<\/div><\/div>\n\n<p>&nbsp;<\/p>\n","protected":false},"excerpt":{"rendered":"<p>Heute morgen um 9 Uhr wurde mit einem Auftritt des Inklusionschores die Adventszeit eingel\u00e4utet. Viele kleine und gro\u00dfe S\u00e4nger haben auf dem Marktplatz weihnachtliche Stimmung verbreitet. Nat\u00fcrlich erstrahlte dabei auch der Weihnachtsbaum, der am Abend vorher von der Jugendfeuerwehr und Bewohnern des Christophorus-Hauses aufgestellt und geschm\u00fcckt wurde. Inklusives Weihnachtsliederbuch &#8211; Im Anschluss an das kleine [&hellip;]<\/p>\n","protected":false},"author":13,"featured_media":6608,"comment_status":"closed","ping_status":"closed","sticky":false,"template":"","format":"standard","meta":{"_acf_changed":false,"footnotes":""},"categories":[107,433],"tags":[],"class_list":["post-6607","post","type-post","status-publish","format-standard","has-post-thumbnail","hentry","category-allgemein","category-ennigerloh"],"acf":[],"_links":{"self":[{"href":"https:\/\/www.ennigerloh-erleben.de\/index.php?rest_route=\/wp\/v2\/posts\/6607","targetHints":{"allow":["GET"]}}],"collection":[{"href":"https:\/\/www.ennigerloh-erleben.de\/index.php?rest_route=\/wp\/v2\/posts"}],"about":[{"href":"https:\/\/www.ennigerloh-erleben.de\/index.php?rest_route=\/wp\/v2\/types\/post"}],"author":[{"embeddable":true,"href":"https:\/\/www.ennigerloh-erleben.de\/index.php?rest_route=\/wp\/v2\/users\/13"}],"replies":[{"embeddable":true,"href":"https:\/\/www.ennigerloh-erleben.de\/index.php?rest_route=%2Fwp%2Fv2%2Fcomments&post=6607"}],"version-history":[{"count":2,"href":"https:\/\/www.ennigerloh-erleben.de\/index.php?rest_route=\/wp\/v2\/posts\/6607\/revisions"}],"predecessor-version":[{"id":6613,"href":"https:\/\/www.ennigerloh-erleben.de\/index.php?rest_route=\/wp\/v2\/posts\/6607\/revisions\/6613"}],"wp:featuredmedia":[{"embeddable":true,"href":"https:\/\/www.ennigerloh-erleben.de\/index.php?rest_route=\/wp\/v2\/media\/6608"}],"wp:attachment":[{"href":"https:\/\/www.ennigerloh-erleben.de\/index.php?rest_route=%2Fwp%2Fv2%2Fmedia&parent=6607"}],"wp:term":[{"taxonomy":"category","embeddable":true,"href":"https:\/\/www.ennigerloh-erleben.de\/index.php?rest_route=%2Fwp%2Fv2%2Fcategories&post=6607"},{"taxonomy":"post_tag","embeddable":true,"href":"https:\/\/www.ennigerloh-erleben.de\/index.php?rest_route=%2Fwp%2Fv2%2Ftags&post=6607"}],"curies":[{"name":"wp","href":"https:\/\/api.w.org\/{rel}","templated":true}]}}