{"id":5754,"date":"2017-10-17T08:52:42","date_gmt":"2017-10-17T06:52:42","guid":{"rendered":"https:\/\/www.ennigerloh-erleben.de\/?p=5754"},"modified":"2019-03-08T12:17:51","modified_gmt":"2019-03-08T11:17:51","slug":"ausstellung-von-guenter-wintgens-bei-l-b-bohle","status":"publish","type":"post","link":"https:\/\/www.ennigerloh-erleben.de\/?p=5754","title":{"rendered":"Ausstellung von G\u00fcnter Wintgens bei L.B. Bohle"},"content":{"rendered":"<p><strong>Am Dienstag, den 17. Oktober um 16.00 Uhr, wird die vierte und damit letzte Kunstausstellung des Jahres 2017 im Service Center der L.B. Bohle Maschinen + Verfahren GmbH an der Industriestra\u00dfe in Ennigerloh er\u00f6ffnet. Der geb\u00fcrtige Duisburger G\u00fcnter Wintgens setzt somit die langj\u00e4hrige Bohle-Ausstellungsreihe, die von Dr. Bennie Priddy betreut und er\u00f6ffnet wird, fort.<\/strong><\/p>\n<p>Der seit langem in M\u00fcnster lebende K\u00fcnstler G\u00fcnter Wintgens pr\u00e4sentiert in der Ausstellung beim Ennigerloher Maschinenbauer Portraitdarstellungen auf Leinwand und Papier. Dar\u00fcber hinaus wird Wintgens eine erst 2017 entstandene installative Arbeit vorstellen.<\/p>\n<p>Bereits seit den Siebzigerjahren zieht sich das Arbeiten mit Ebenen durch das umfangreiche Oeuvre des K\u00fcnstlers. Die Arbeiten lassen sich dabei in zwei gro\u00dfe, wiederum verzweigte und sich miteinander vermischende, Werkstr\u00e4nge unterteilen: die \u201eFenster\u201c und die \u201eSchleier\u201c sowie die Bilder mit dem Prinzip der Fragmentierung und ihrer flimmernden Bildstruktur, zu denen auch die im Gesamtwerk immer wiederkehrenden Portraitdarstellungen geh\u00f6ren.<\/p>\n<p>G\u00fcnter Wintgens wurde 1951 in Duisburg geboren. Von 1972 bis 1978 studierte er an der Kunstakademie in M\u00fcnster und war Meistersch\u00fcler bei Norbert Tadeusz. Im Jahr 1984 erhielt Wintgens ein Stipendium der Aldegrever-Gesellschaft in M\u00fcnster. 1988 besa\u00df G\u00fcnter Wintgens einen Lehrauftrag f\u00fcr Malerei an der Kunstakademie in M\u00fcnster. Bereits seit 2004 f\u00f6rdert ihn die Stadt M\u00fcnster mit einem Atelierstipendium.<\/p>\n<p>G\u00fcnter Wintgens stellt seine Werke in Einzel- und Gruppenausstellungen in der Region, dem gesamten Bundesgebiet und dem benachbarten Ausland aus.<\/p>\n<p>Die Ausstellung ist bis zum 12. Februar immer montags bis freitags von 8-16 Uhr ge\u00f6ffnet.<\/p>\n\n\t\t\t<div>\n\t\t\t<style type='text\/css'>\n\t\t\t\t#gallery-1 {\n\t\t\t\t\tmargin: auto;\n\t\t\t\t}\n\t\t\t\t#gallery-1 .gallery-item {\n\t\t\t\t\tfloat: left;\n\t\t\t\t\tmargin-top: 10px;\n\t\t\t\t\ttext-align: center;\n\t\t\t\t\twidth: 33%;\n\t\t\t\t}\n\t\t\t\t#gallery-1 img {\n\t\t\t\t\tborder: 2px solid #cfcfcf;\n\t\t\t\t}\n\t\t\t\t#gallery-1 .gallery-caption {\n\t\t\t\t\tmargin-left: 0;\n\t\t\t\t}\n\t\t\t\t\/* see gallery_shortcode() in wp-includes\/media.php *\/\n\t\t\t<\/style><\/div>\n\t\t<div id='gallery-1' class='gallery galleryid-5754 gallery-columns-3 gallery-size-thumbnail'><div class=\"gallery-inner-wrapper\"><dl class='gallery-item'>\n\t\t\t\t<dt class='gallery-icon portrait'>\n\t\t\t\t\t<a href='https:\/\/www.ennigerloh-erleben.de\/wp-content\/uploads\/2017\/10\/XnC_Selbst-14.-Juli\u00bd-2017.jpg'><img loading=\"lazy\" decoding=\"async\" width=\"150\" height=\"150\" src=\"https:\/\/www.ennigerloh-erleben.de\/wp-content\/uploads\/2017\/10\/XnC_Selbst-14.-Juli\u00bd-2017-150x150.jpg\" class=\"attachment-thumbnail size-thumbnail\" alt=\"\" \/><\/a>\n\t\t\t\t<\/dt><dd><\/dd><\/dl><dl class='gallery-item'>\n\t\t\t\t<dt class='gallery-icon portrait'>\n\t\t\t\t\t<a href='https:\/\/www.ennigerloh-erleben.de\/wp-content\/uploads\/2017\/10\/XnC_Mareike-rot\u00bd-2012.jpg'><img loading=\"lazy\" decoding=\"async\" width=\"150\" height=\"150\" src=\"https:\/\/www.ennigerloh-erleben.de\/wp-content\/uploads\/2017\/10\/XnC_Mareike-rot\u00bd-2012-150x150.jpg\" class=\"attachment-thumbnail size-thumbnail\" alt=\"\" \/><\/a>\n\t\t\t\t<\/dt><dd><\/dd><\/dl><dl class='gallery-item'>\n\t\t\t\t<dt class='gallery-icon landscape'>\n\t\t\t\t\t<a href='https:\/\/www.ennigerloh-erleben.de\/wp-content\/uploads\/2017\/10\/XnC-Charles-VII-2004.jpg'><img loading=\"lazy\" decoding=\"async\" width=\"150\" height=\"150\" src=\"https:\/\/www.ennigerloh-erleben.de\/wp-content\/uploads\/2017\/10\/XnC-Charles-VII-2004-150x150.jpg\" class=\"attachment-thumbnail size-thumbnail\" alt=\"\" srcset=\"https:\/\/www.ennigerloh-erleben.de\/wp-content\/uploads\/2017\/10\/XnC-Charles-VII-2004-150x150.jpg 150w, https:\/\/www.ennigerloh-erleben.de\/wp-content\/uploads\/2017\/10\/XnC-Charles-VII-2004-300x300.jpg 300w, https:\/\/www.ennigerloh-erleben.de\/wp-content\/uploads\/2017\/10\/XnC-Charles-VII-2004-768x767.jpg 768w, https:\/\/www.ennigerloh-erleben.de\/wp-content\/uploads\/2017\/10\/XnC-Charles-VII-2004.jpg 800w\" sizes=\"auto, (max-width: 150px) 100vw, 150px\" \/><\/a>\n\t\t\t\t<\/dt><dd><\/dd><\/dl><br style=\"clear: both\" \/>\n\t\t\t\t<br style='clear: both;' \/>\n\t\t\t<\/div><\/div>\n\n","protected":false},"excerpt":{"rendered":"<p>Maschinenbauer zeigt Portraitbilder von G\u00fcnter Wintgens im Service Center.<\/p>\n","protected":false},"author":14,"featured_media":6947,"comment_status":"closed","ping_status":"closed","sticky":false,"template":"","format":"standard","meta":{"_acf_changed":false,"footnotes":""},"categories":[433,431],"tags":[],"class_list":["post-5754","post","type-post","status-publish","format-standard","has-post-thumbnail","hentry","category-ennigerloh","category-events"],"acf":[],"_links":{"self":[{"href":"https:\/\/www.ennigerloh-erleben.de\/index.php?rest_route=\/wp\/v2\/posts\/5754","targetHints":{"allow":["GET"]}}],"collection":[{"href":"https:\/\/www.ennigerloh-erleben.de\/index.php?rest_route=\/wp\/v2\/posts"}],"about":[{"href":"https:\/\/www.ennigerloh-erleben.de\/index.php?rest_route=\/wp\/v2\/types\/post"}],"author":[{"embeddable":true,"href":"https:\/\/www.ennigerloh-erleben.de\/index.php?rest_route=\/wp\/v2\/users\/14"}],"replies":[{"embeddable":true,"href":"https:\/\/www.ennigerloh-erleben.de\/index.php?rest_route=%2Fwp%2Fv2%2Fcomments&post=5754"}],"version-history":[{"count":4,"href":"https:\/\/www.ennigerloh-erleben.de\/index.php?rest_route=\/wp\/v2\/posts\/5754\/revisions"}],"predecessor-version":[{"id":6944,"href":"https:\/\/www.ennigerloh-erleben.de\/index.php?rest_route=\/wp\/v2\/posts\/5754\/revisions\/6944"}],"wp:featuredmedia":[{"embeddable":true,"href":"https:\/\/www.ennigerloh-erleben.de\/index.php?rest_route=\/wp\/v2\/media\/6947"}],"wp:attachment":[{"href":"https:\/\/www.ennigerloh-erleben.de\/index.php?rest_route=%2Fwp%2Fv2%2Fmedia&parent=5754"}],"wp:term":[{"taxonomy":"category","embeddable":true,"href":"https:\/\/www.ennigerloh-erleben.de\/index.php?rest_route=%2Fwp%2Fv2%2Fcategories&post=5754"},{"taxonomy":"post_tag","embeddable":true,"href":"https:\/\/www.ennigerloh-erleben.de\/index.php?rest_route=%2Fwp%2Fv2%2Ftags&post=5754"}],"curies":[{"name":"wp","href":"https:\/\/api.w.org\/{rel}","templated":true}]}}