{"id":5595,"date":"2017-06-01T15:53:18","date_gmt":"2017-06-01T13:53:18","guid":{"rendered":"https:\/\/www.ennigerloh-erleben.de\/?p=5595"},"modified":"2017-06-01T16:15:07","modified_gmt":"2017-06-01T14:15:07","slug":"ausstellung-schwarz-weiss-bei-l-b-bohle","status":"publish","type":"post","link":"https:\/\/www.ennigerloh-erleben.de\/?p=5595","title":{"rendered":"Ausstellung \u201eSCHWARZ WEISS\u201c bei L.B. Bohle"},"content":{"rendered":"<p><strong>Maschinenbauer zeigt Werke von Martina L\u00fcckener im Service Center<\/strong><\/p>\n<p>Ennigerloh, 30.05.2017 \u2013 Am Dienstag, den 06. Juni um 16:00 Uhr, wird die zweite Kunstausstellung des Jahres 2017 im Service Center der L.B. Bohle Maschinen + Verfahren GmbH an der Industriestra\u00dfe in Ennigerloh er\u00f6ffnet. Die M\u00fcnsteraner K\u00fcnstlerin und Grafikdesignerin Martina L\u00fcckener setzt somit die langj\u00e4hrige Bohle-Ausstellungsreihe, die von Dr. Bennie Priddy betreut und er\u00f6ffnet wird, fort.<\/p>\n<p>Die in Telgte geborene Martina L\u00fcckener pr\u00e4sentiert in der Ausstellung bei L.B. Bohle Malerei, Zeichnungen und Papierschnitte zum Thema \u201e<strong>SCHWARZ WEISS<\/strong>\u201c. Dabei vermitteln schwarz-wei\u00dfe Landschaften, unterschiedlicher Technik, dem Betrachter auf grafische Art und Weise etwas Bekanntes. Durch die Reduktion von Farbe, die Darstellung von Ebenen und den teilweise verzerrten Motiven entsteht etwas Unbekanntes, welches es in der Ausstellung zu erforschen gilt.<\/p>\n<p>Insgesamt widmet sich L\u00fcckener den k\u00fcnstlerischen Schwerpunkten Schatten und Licht sowie Figur und Landschaft.<\/p>\n<p>Im Jahre 2005 wurde das L.B. Bohle Service Center er\u00f6ffnet. Dort besteht die M\u00f6glichkeit, die verschiedenen Bohle Anlagen unter realistischen Bedingungen zu testen. 2015 wurde ebenfalls am Stammsitz das Technology Center feierlich eingeweiht. In diesem Forschungs-, Test- und Entwicklungszentrum widmet sich Bohle der kontinuierlichen Fertigung.<\/p>\n<p>Die L.B. Bohle GmbH wurde im Jahre 1981 von Lorenz B. Bohle gegr\u00fcndet. Seit mehr als 35 Jahren arbeitet das Team von Bohle gem\u00e4\u00df der Philosophie: \u201eImmer besser zu sein als der Markt.\u201c<\/p>\n<p>Der Hauptsitz des Unternehmens liegt im westf\u00e4lischen Ennigerloh. Der Maschinenbauer betreibt dar\u00fcber hinaus noch zwei weitere Werke (Werk 2 in Sassenberg und Werk 3 in Ennigerloh), zudem Tochterunternehmen in Warminster, PA, USA, Mumbai, Indien sowie eine eigene Vertriebsniederlassung in Singapur. Des Weiteren wird das Unternehmen in \u00fcber 40 L\u00e4ndern durch unabh\u00e4ngige Vertreter repr\u00e4sentiert.<\/p>\n<p>Martina L\u00fcckener lebt und arbeitet freiberuflich in M\u00fcnster und Ostbevern. Ab 1996 studierte die K\u00fcnstlerin Freie Kunst an der Kunstakademie M\u00fcnster sowie von 2000 \u2013 2005 Design an der Fachhochschule M\u00fcnster. Mehrfach wurde sie mit ihren Merken mit Preisen ausgezeichnet. 2015 erhielt Martina L\u00fcckener ein Stipendium der Aldegrever Gesellschaft f\u00fcr Druckgrafik.<\/p>\n<p>Seit 2012 ist die K\u00fcnstlerin Mitglied im Kreiskunstverein Beckum-Warendorf. Dar\u00fcber hinaus beteiligt sich Martina L\u00fcckener seit 1999 an zahlreichen Ausstellungen in der Region, dem gesamten Bundesgebiet und auch im Ausland. So waren ihre Werke bereits in den Niederlanden, Spanien, Norwegen, Schweden und Tschechien zu sehen.<\/p>\n<p>Die Ausstellung ist bis zum 25. August immer montags bis freitags von 8-16 Uhr ge\u00f6ffnet.<\/p>\n\n\t\t\t<div>\n\t\t\t<style type='text\/css'>\n\t\t\t\t#gallery-1 {\n\t\t\t\t\tmargin: auto;\n\t\t\t\t}\n\t\t\t\t#gallery-1 .gallery-item {\n\t\t\t\t\tfloat: left;\n\t\t\t\t\tmargin-top: 10px;\n\t\t\t\t\ttext-align: center;\n\t\t\t\t\twidth: 50%;\n\t\t\t\t}\n\t\t\t\t#gallery-1 img {\n\t\t\t\t\tborder: 2px solid #cfcfcf;\n\t\t\t\t}\n\t\t\t\t#gallery-1 .gallery-caption {\n\t\t\t\t\tmargin-left: 0;\n\t\t\t\t}\n\t\t\t\t\/* see gallery_shortcode() in wp-includes\/media.php *\/\n\t\t\t<\/style><\/div>\n\t\t<div id='gallery-1' class='gallery galleryid-5595 gallery-columns-2 gallery-size-medium'><div class=\"gallery-inner-wrapper\"><dl class='gallery-item'>\n\t\t\t\t<dt class='gallery-icon landscape'>\n\t\t\t\t\t<a href='https:\/\/www.ennigerloh-erleben.de\/wp-content\/uploads\/Martina_Lueckener.jpg'><img loading=\"lazy\" decoding=\"async\" width=\"300\" height=\"200\" src=\"https:\/\/www.ennigerloh-erleben.de\/wp-content\/uploads\/Martina_Lueckener-300x200.jpg\" class=\"attachment-medium size-medium\" alt=\"\" srcset=\"https:\/\/www.ennigerloh-erleben.de\/wp-content\/uploads\/Martina_Lueckener-300x200.jpg 300w, https:\/\/www.ennigerloh-erleben.de\/wp-content\/uploads\/Martina_Lueckener-768x511.jpg 768w, https:\/\/www.ennigerloh-erleben.de\/wp-content\/uploads\/Martina_Lueckener.jpg 1000w\" sizes=\"auto, (max-width: 300px) 100vw, 300px\" \/><\/a>\n\t\t\t\t<\/dt><dd><\/dd><\/dl><dl class='gallery-item'>\n\t\t\t\t<dt class='gallery-icon landscape'>\n\t\t\t\t\t<a href='https:\/\/www.ennigerloh-erleben.de\/wp-content\/uploads\/Lichtung-2-Acryl.jpg'><img loading=\"lazy\" decoding=\"async\" width=\"300\" height=\"200\" src=\"https:\/\/www.ennigerloh-erleben.de\/wp-content\/uploads\/Lichtung-2-Acryl-300x200.jpg\" class=\"attachment-medium size-medium\" alt=\"\" srcset=\"https:\/\/www.ennigerloh-erleben.de\/wp-content\/uploads\/Lichtung-2-Acryl-300x200.jpg 300w, https:\/\/www.ennigerloh-erleben.de\/wp-content\/uploads\/Lichtung-2-Acryl-768x511.jpg 768w, https:\/\/www.ennigerloh-erleben.de\/wp-content\/uploads\/Lichtung-2-Acryl.jpg 1000w\" sizes=\"auto, (max-width: 300px) 100vw, 300px\" \/><\/a>\n\t\t\t\t<\/dt><dd><\/dd><\/dl><br style=\"clear: both\" \/>\n\t\t\t\t<br style='clear: both;' \/>\n\t\t\t<\/div><\/div>\n\n","protected":false},"excerpt":{"rendered":"<p>Maschinenbauer zeigt Werke von Martina L\u00fcckener im Service Center Ennigerloh, 30.05.2017 \u2013 Am Dienstag, den 06. Juni um 16:00 Uhr, wird die zweite Kunstausstellung des Jahres 2017 im Service Center der L.B. Bohle Maschinen + Verfahren GmbH an der Industriestra\u00dfe in Ennigerloh er\u00f6ffnet. Die M\u00fcnsteraner K\u00fcnstlerin und Grafikdesignerin Martina L\u00fcckener setzt somit die langj\u00e4hrige Bohle-Ausstellungsreihe, [&hellip;]<\/p>\n","protected":false},"author":4,"featured_media":5606,"comment_status":"closed","ping_status":"closed","sticky":false,"template":"","format":"standard","meta":{"_acf_changed":false,"footnotes":""},"categories":[107,433],"tags":[508],"class_list":["post-5595","post","type-post","status-publish","format-standard","has-post-thumbnail","hentry","category-allgemein","category-ennigerloh","tag-l-b-bohle-maschinen-verfahren-gmbh"],"acf":[],"_links":{"self":[{"href":"https:\/\/www.ennigerloh-erleben.de\/index.php?rest_route=\/wp\/v2\/posts\/5595","targetHints":{"allow":["GET"]}}],"collection":[{"href":"https:\/\/www.ennigerloh-erleben.de\/index.php?rest_route=\/wp\/v2\/posts"}],"about":[{"href":"https:\/\/www.ennigerloh-erleben.de\/index.php?rest_route=\/wp\/v2\/types\/post"}],"author":[{"embeddable":true,"href":"https:\/\/www.ennigerloh-erleben.de\/index.php?rest_route=\/wp\/v2\/users\/4"}],"replies":[{"embeddable":true,"href":"https:\/\/www.ennigerloh-erleben.de\/index.php?rest_route=%2Fwp%2Fv2%2Fcomments&post=5595"}],"version-history":[{"count":10,"href":"https:\/\/www.ennigerloh-erleben.de\/index.php?rest_route=\/wp\/v2\/posts\/5595\/revisions"}],"predecessor-version":[{"id":5611,"href":"https:\/\/www.ennigerloh-erleben.de\/index.php?rest_route=\/wp\/v2\/posts\/5595\/revisions\/5611"}],"wp:featuredmedia":[{"embeddable":true,"href":"https:\/\/www.ennigerloh-erleben.de\/index.php?rest_route=\/wp\/v2\/media\/5606"}],"wp:attachment":[{"href":"https:\/\/www.ennigerloh-erleben.de\/index.php?rest_route=%2Fwp%2Fv2%2Fmedia&parent=5595"}],"wp:term":[{"taxonomy":"category","embeddable":true,"href":"https:\/\/www.ennigerloh-erleben.de\/index.php?rest_route=%2Fwp%2Fv2%2Fcategories&post=5595"},{"taxonomy":"post_tag","embeddable":true,"href":"https:\/\/www.ennigerloh-erleben.de\/index.php?rest_route=%2Fwp%2Fv2%2Ftags&post=5595"}],"curies":[{"name":"wp","href":"https:\/\/api.w.org\/{rel}","templated":true}]}}